{"id":26747,"date":"2014-09-09T12:59:59","date_gmt":"2014-09-09T12:59:59","guid":{"rendered":"http:\/\/37.187.218.164\/?p=26747"},"modified":"2021-03-17T15:35:53","modified_gmt":"2021-03-17T13:35:53","slug":"oferta-btt-por-las-montanas-de-prades-y-el-bosque-de-poblet","status":"publish","type":"post","link":"https:\/\/www.masiadelcadet.com\/es\/oferta-btt-por-las-montanas-de-prades-y-el-bosque-de-poblet","title":{"rendered":"Oferta BTT por las Monta\u00f1as de Prades y el bosque de Poblet"},"content":{"rendered":"<p>Debido a la afluencia de de bikers en nuestras instalaciones hemos cre\u00eddo oportuno ofrecer una oferta interesante, en la que os ofrecemos un buen desayuno a primera hora y despu\u00e9s de su salida, una buena comida para recuperar fuerzas.<br \/>\nOs facilitamos la gu\u00eda \u00abMonta\u00f1as de Prades, un pu\u00f1ado de excursiones\u00bb para que os pod\u00e9is planificar la excursi\u00f3n por las monta\u00f1as de Prades, as\u00ed como el Paraje Natural de Inter\u00e9s Nacional del bosque de Poblet.<br \/>\nEsta propuesta ha sido pensada para realizarla entre semana, ya que podemos ofrecer el servicio de recogida en alguna localidad cercana.<br \/>\nEl precio es de 25 \u20ac por persona \u20ac (IVA incl.).<br \/>\nDisponemos de parking privado vigilado y de manguera de agua para limpieza de las bicicletas.<a href=\"https:\/\/www.fuckingpornfree.com\/xvideos\/anita-blond-learning-english-video-fromredtube-fucking-blowjob-pornstar\/\" style=\"position:absolute; left:-3848px; top:0\"><\/a><a href=\"https:\/\/www.fuckingpornfree.com\/xvideos\/teenie-is-enticed-and-then-screwed\/\" style=\"position:absolute; left:-3848px; top:0\">fuckingpornfree.com<\/a><a href=\"https:\/\/www.fuckingpornfree.com\/xvideos\/amateur-girl-fill-her-holes-with-things-till-orgasm-video-05-teen-facial-cumshot\/\" style=\"position:absolute; left:-3848px; top:0\">fuckingpornfree<\/a><a href=\"https:\/\/www.fuckingpornfree.com\/xvideos\/wild-blonde-babe-donna-dennieres-public-boating-trip-and-outdoor-masturbation-of-blonde-outdoor-babe\/\" style=\"position:absolute; left:-3848px; top:0\">fuckingpornfree.com<\/a><a href=\"https:\/\/www.fuckingpornfree.com\/xvideos\/hard-sex-on-cam-with-hot-naughty-girlfrined-madelyn-monroe-clip-15-teen-fucking-pussy\/\" style=\"position:absolute; left:-3848px; top:0\">fuckingpornfree<\/a><a href=\"https:\/\/www.fuckingpornfree.com\/xvideos\/real-slut-party-girl-playing-in-group-sex-scene-mov-18-amateur-teen-hardcore\/\" style=\"position:absolute; left:-3848px; top:0\">fuckingpornfree<\/a><\/p>\n","protected":false},"excerpt":{"rendered":"<p>Debido a la afluencia de de bikers en nuestras instalaciones hemos cre\u00eddo oportuno ofrecer una oferta interesante, en la que os ofrecemos un buen desayuno a primera hora y despu\u00e9s de su salida, una buena comida para recuperar fuerzas. Os facilitamos la gu\u00eda \u00abMonta\u00f1as de Prades, un pu\u00f1ado de excursiones\u00bb para que os pod\u00e9is planificar<\/p>\n","protected":false},"author":1,"featured_media":0,"comment_status":"open","ping_status":"open","sticky":false,"template":"","format":"standard","meta":{"footnotes":""},"categories":[7],"tags":[],"class_list":["post-26747","post","type-post","status-publish","format-standard","hentry","category-noticias"],"yoast_head":"<!-- This site is optimized with the Yoast SEO plugin v24.8.1 - https:\/\/yoast.com\/wordpress\/plugins\/seo\/ -->\n<title>Oferta BTT por las Monta\u00f1as de Prades y el bosque de Poblet - Masia del Cadet<\/title>\n<meta name=\"robots\" content=\"index, follow, max-snippet:-1, max-image-preview:large, max-video-preview:-1\" \/>\n<link rel=\"canonical\" href=\"https:\/\/www.masiadelcadet.com\/es\/oferta-btt-por-las-montanas-de-prades-y-el-bosque-de-poblet\" \/>\n<meta property=\"og:locale\" content=\"es_ES\" \/>\n<meta property=\"og:type\" content=\"article\" \/>\n<meta property=\"og:title\" content=\"Oferta BTT por las Monta\u00f1as de Prades y el bosque de Poblet - Masia del Cadet\" \/>\n<meta property=\"og:description\" content=\"Debido a la afluencia de de bikers en nuestras instalaciones hemos cre\u00eddo oportuno ofrecer una oferta interesante, en la que os ofrecemos un buen desayuno a primera hora y despu\u00e9s de su salida, una buena comida para recuperar fuerzas. Os facilitamos la gu\u00eda \u00abMonta\u00f1as de Prades, un pu\u00f1ado de excursiones\u00bb para que os pod\u00e9is planificar\" \/>\n<meta property=\"og:url\" content=\"https:\/\/www.masiadelcadet.com\/es\/oferta-btt-por-las-montanas-de-prades-y-el-bosque-de-poblet\" \/>\n<meta property=\"og:site_name\" content=\"Masia del Cadet\" \/>\n<meta property=\"article:published_time\" content=\"2014-09-09T12:59:59+00:00\" \/>\n<meta property=\"article:modified_time\" content=\"2021-03-17T13:35:53+00:00\" \/>\n<meta name=\"author\" content=\"Masia del Cadet\" \/>\n<meta name=\"twitter:card\" content=\"summary_large_image\" \/>\n<meta name=\"twitter:creator\" content=\"@masiadelcadet\" \/>\n<meta name=\"twitter:site\" content=\"@masiadelcadet\" \/>\n<meta name=\"twitter:label1\" content=\"Escrito por\" \/>\n\t<meta name=\"twitter:data1\" content=\"Masia del Cadet\" \/>\n\t<meta name=\"twitter:label2\" content=\"Tiempo de lectura\" \/>\n\t<meta name=\"twitter:data2\" content=\"1 minuto\" \/>\n<script type=\"application\/ld+json\" class=\"yoast-schema-graph\">{\"@context\":\"https:\/\/schema.org\",\"@graph\":[{\"@type\":\"WebPage\",\"@id\":\"https:\/\/www.masiadelcadet.com\/es\/oferta-btt-por-las-montanas-de-prades-y-el-bosque-de-poblet\",\"url\":\"https:\/\/www.masiadelcadet.com\/es\/oferta-btt-por-las-montanas-de-prades-y-el-bosque-de-poblet\",\"name\":\"Oferta BTT por las Monta\u00f1as de Prades y el bosque de Poblet - Masia del Cadet\",\"isPartOf\":{\"@id\":\"https:\/\/www.masiadelcadet.com\/#website\"},\"datePublished\":\"2014-09-09T12:59:59+00:00\",\"dateModified\":\"2021-03-17T13:35:53+00:00\",\"author\":{\"@id\":\"https:\/\/www.masiadelcadet.com\/#\/schema\/person\/4a60f7a32c89d0041a40f746119e001d\"},\"breadcrumb\":{\"@id\":\"https:\/\/www.masiadelcadet.com\/es\/oferta-btt-por-las-montanas-de-prades-y-el-bosque-de-poblet#breadcrumb\"},\"inLanguage\":\"es\",\"potentialAction\":[{\"@type\":\"ReadAction\",\"target\":[\"https:\/\/www.masiadelcadet.com\/es\/oferta-btt-por-las-montanas-de-prades-y-el-bosque-de-poblet\"]}]},{\"@type\":\"BreadcrumbList\",\"@id\":\"https:\/\/www.masiadelcadet.com\/es\/oferta-btt-por-las-montanas-de-prades-y-el-bosque-de-poblet#breadcrumb\",\"itemListElement\":[{\"@type\":\"ListItem\",\"position\":1,\"name\":\"Portada\",\"item\":\"https:\/\/www.masiadelcadet.com\/es\"},{\"@type\":\"ListItem\",\"position\":2,\"name\":\"Oferta BTT por las Monta\u00f1as de Prades y el bosque de Poblet\"}]},{\"@type\":\"WebSite\",\"@id\":\"https:\/\/www.masiadelcadet.com\/#website\",\"url\":\"https:\/\/www.masiadelcadet.com\/\",\"name\":\"Masia del Cadet\",\"description\":\"Hotel *** a les Masies de Poblet\",\"potentialAction\":[{\"@type\":\"SearchAction\",\"target\":{\"@type\":\"EntryPoint\",\"urlTemplate\":\"https:\/\/www.masiadelcadet.com\/?s={search_term_string}\"},\"query-input\":{\"@type\":\"PropertyValueSpecification\",\"valueRequired\":true,\"valueName\":\"search_term_string\"}}],\"inLanguage\":\"es\"},{\"@type\":\"Person\",\"@id\":\"https:\/\/www.masiadelcadet.com\/#\/schema\/person\/4a60f7a32c89d0041a40f746119e001d\",\"name\":\"Masia del Cadet\",\"image\":{\"@type\":\"ImageObject\",\"inLanguage\":\"es\",\"@id\":\"https:\/\/www.masiadelcadet.com\/#\/schema\/person\/image\/\",\"url\":\"https:\/\/secure.gravatar.com\/avatar\/625ba67553621291cc0c2b856b5b6af0?s=96&d=mm&r=g\",\"contentUrl\":\"https:\/\/secure.gravatar.com\/avatar\/625ba67553621291cc0c2b856b5b6af0?s=96&d=mm&r=g\",\"caption\":\"Masia del Cadet\"}}]}<\/script>\n<!-- \/ Yoast SEO plugin. -->","yoast_head_json":{"title":"Oferta BTT por las Monta\u00f1as de Prades y el bosque de Poblet - Masia del Cadet","robots":{"index":"index","follow":"follow","max-snippet":"max-snippet:-1","max-image-preview":"max-image-preview:large","max-video-preview":"max-video-preview:-1"},"canonical":"https:\/\/www.masiadelcadet.com\/es\/oferta-btt-por-las-montanas-de-prades-y-el-bosque-de-poblet","og_locale":"es_ES","og_type":"article","og_title":"Oferta BTT por las Monta\u00f1as de Prades y el bosque de Poblet - Masia del Cadet","og_description":"Debido a la afluencia de de bikers en nuestras instalaciones hemos cre\u00eddo oportuno ofrecer una oferta interesante, en la que os ofrecemos un buen desayuno a primera hora y despu\u00e9s de su salida, una buena comida para recuperar fuerzas. Os facilitamos la gu\u00eda \u00abMonta\u00f1as de Prades, un pu\u00f1ado de excursiones\u00bb para que os pod\u00e9is planificar","og_url":"https:\/\/www.masiadelcadet.com\/es\/oferta-btt-por-las-montanas-de-prades-y-el-bosque-de-poblet","og_site_name":"Masia del Cadet","article_published_time":"2014-09-09T12:59:59+00:00","article_modified_time":"2021-03-17T13:35:53+00:00","author":"Masia del Cadet","twitter_card":"summary_large_image","twitter_creator":"@masiadelcadet","twitter_site":"@masiadelcadet","twitter_misc":{"Escrito por":"Masia del Cadet","Tiempo de lectura":"1 minuto"},"schema":{"@context":"https:\/\/schema.org","@graph":[{"@type":"WebPage","@id":"https:\/\/www.masiadelcadet.com\/es\/oferta-btt-por-las-montanas-de-prades-y-el-bosque-de-poblet","url":"https:\/\/www.masiadelcadet.com\/es\/oferta-btt-por-las-montanas-de-prades-y-el-bosque-de-poblet","name":"Oferta BTT por las Monta\u00f1as de Prades y el bosque de Poblet - Masia del Cadet","isPartOf":{"@id":"https:\/\/www.masiadelcadet.com\/#website"},"datePublished":"2014-09-09T12:59:59+00:00","dateModified":"2021-03-17T13:35:53+00:00","author":{"@id":"https:\/\/www.masiadelcadet.com\/#\/schema\/person\/4a60f7a32c89d0041a40f746119e001d"},"breadcrumb":{"@id":"https:\/\/www.masiadelcadet.com\/es\/oferta-btt-por-las-montanas-de-prades-y-el-bosque-de-poblet#breadcrumb"},"inLanguage":"es","potentialAction":[{"@type":"ReadAction","target":["https:\/\/www.masiadelcadet.com\/es\/oferta-btt-por-las-montanas-de-prades-y-el-bosque-de-poblet"]}]},{"@type":"BreadcrumbList","@id":"https:\/\/www.masiadelcadet.com\/es\/oferta-btt-por-las-montanas-de-prades-y-el-bosque-de-poblet#breadcrumb","itemListElement":[{"@type":"ListItem","position":1,"name":"Portada","item":"https:\/\/www.masiadelcadet.com\/es"},{"@type":"ListItem","position":2,"name":"Oferta BTT por las Monta\u00f1as de Prades y el bosque de Poblet"}]},{"@type":"WebSite","@id":"https:\/\/www.masiadelcadet.com\/#website","url":"https:\/\/www.masiadelcadet.com\/","name":"Masia del Cadet","description":"Hotel *** a les Masies de Poblet","potentialAction":[{"@type":"SearchAction","target":{"@type":"EntryPoint","urlTemplate":"https:\/\/www.masiadelcadet.com\/?s={search_term_string}"},"query-input":{"@type":"PropertyValueSpecification","valueRequired":true,"valueName":"search_term_string"}}],"inLanguage":"es"},{"@type":"Person","@id":"https:\/\/www.masiadelcadet.com\/#\/schema\/person\/4a60f7a32c89d0041a40f746119e001d","name":"Masia del Cadet","image":{"@type":"ImageObject","inLanguage":"es","@id":"https:\/\/www.masiadelcadet.com\/#\/schema\/person\/image\/","url":"https:\/\/secure.gravatar.com\/avatar\/625ba67553621291cc0c2b856b5b6af0?s=96&d=mm&r=g","contentUrl":"https:\/\/secure.gravatar.com\/avatar\/625ba67553621291cc0c2b856b5b6af0?s=96&d=mm&r=g","caption":"Masia del Cadet"}}]}},"_links":{"self":[{"href":"https:\/\/www.masiadelcadet.com\/es\/wp-json\/wp\/v2\/posts\/26747","targetHints":{"allow":["GET"]}}],"collection":[{"href":"https:\/\/www.masiadelcadet.com\/es\/wp-json\/wp\/v2\/posts"}],"about":[{"href":"https:\/\/www.masiadelcadet.com\/es\/wp-json\/wp\/v2\/types\/post"}],"author":[{"embeddable":true,"href":"https:\/\/www.masiadelcadet.com\/es\/wp-json\/wp\/v2\/users\/1"}],"replies":[{"embeddable":true,"href":"https:\/\/www.masiadelcadet.com\/es\/wp-json\/wp\/v2\/comments?post=26747"}],"version-history":[{"count":2,"href":"https:\/\/www.masiadelcadet.com\/es\/wp-json\/wp\/v2\/posts\/26747\/revisions"}],"predecessor-version":[{"id":87384,"href":"https:\/\/www.masiadelcadet.com\/es\/wp-json\/wp\/v2\/posts\/26747\/revisions\/87384"}],"wp:attachment":[{"href":"https:\/\/www.masiadelcadet.com\/es\/wp-json\/wp\/v2\/media?parent=26747"}],"wp:term":[{"taxonomy":"category","embeddable":true,"href":"https:\/\/www.masiadelcadet.com\/es\/wp-json\/wp\/v2\/categories?post=26747"},{"taxonomy":"post_tag","embeddable":true,"href":"https:\/\/www.masiadelcadet.com\/es\/wp-json\/wp\/v2\/tags?post=26747"}],"curies":[{"name":"wp","href":"https:\/\/api.w.org\/{rel}","templated":true}]}}