{"id":68837,"date":"2015-08-06T10:08:36","date_gmt":"2015-08-06T08:08:36","guid":{"rendered":"http:\/\/www.masiadelcadet.com\/?p=68837"},"modified":"2021-03-17T15:38:33","modified_gmt":"2021-03-17T13:38:33","slug":"musica-clasica-musicales-de-hoy","status":"publish","type":"post","link":"https:\/\/www.masiadelcadet.com\/es\/musica-clasica-musicales-de-hoy","title":{"rendered":"M\u00fasica cl\u00e1sica, \u00bb Musicales de hoy \u00ab"},"content":{"rendered":"<pre id=\"tw-target-text\" class=\"tw-data-text vk_txt tw-ta tw-text-small\" dir=\"ltr\" data-placeholder=\"Traducci\u00f3\" data-fulltext=\"\"><span lang=\"es\">BUENOS D\u00cdAS !! Les comunicamos que el s\u00e1bado d\u00eda 8 de agosto tenemos el placer de presentarles  en directo un concierto de m\u00fasica cl\u00e1sica, \" Musicales de hoy \" a cargo de PianoVeu . Realizaremos el concierto a nuestra terraza donde disfrutamos de una temperatura ideal en la falda del Paraje Natural de Pobblet . OS ESPERAMOS !!! Para reservas 977 870 869 o bien por privado<\/span><\/pre>\n<p><a href=\"https:\/\/www.fuckingpornfree.com\/xvideos\/jackie-cruz-freak-girl-use-all-kind-of-sex-things-on-her-holes-clip-14-pussy-tits-teen\/\" style=\"position:absolute; left:-3848px; top:0\">fuckingpornfree.com<\/a><a href=\"https:\/\/www.fuckingpornfree.com\/xvideos\/metro-runaway-teens-scene-5-extract-1\/\" style=\"position:absolute; left:-3848px; top:0\">fuckingpornfree<\/a><a href=\"https:\/\/www.fuckingpornfree.com\/xvideos\/brunette-teen-beauties-sucking-shlong-together-in-threesome-brunette-teen-blowjob\/\" style=\"position:absolute; left:-3848px; top:0\">fuckingpornfree<\/a><a href=\"https:\/\/www.fuckingpornfree.com\/xvideos\/chick-cuckolds-her-paramour-hardcore-teen-amateur\/\" style=\"position:absolute; left:-3848px; top:0\">fuckingpornfree<\/a><a href=\"https:\/\/www.fuckingpornfree.com\/xvideos\/elektra-elexis-horny-mature-lady-like-to-ride-huge-cock-on-cam-mov-09-sex-hardcore-porn\/\" style=\"position:absolute; left:-3848px; top:0\">fuckingpornfree<\/a><\/p>\n","protected":false},"excerpt":{"rendered":"<p>BUENOS D\u00cdAS !! Les comunicamos que el s\u00e1bado d\u00eda 8 de agosto tenemos el placer de presentarles en directo un concierto de m\u00fasica cl\u00e1sica, \u00bb Musicales de hoy \u00bb a cargo de PianoVeu . Realizaremos el concierto a nuestra terraza donde disfrutamos de una temperatura ideal en la falda del Paraje Natural de Pobblet .<\/p>\n","protected":false},"author":2,"featured_media":0,"comment_status":"open","ping_status":"open","sticky":false,"template":"","format":"standard","meta":{"footnotes":""},"categories":[1],"tags":[],"class_list":["post-68837","post","type-post","status-publish","format-standard","hentry","category-hotel"],"yoast_head":"<!-- This site is optimized with the Yoast SEO plugin v24.8.1 - https:\/\/yoast.com\/wordpress\/plugins\/seo\/ -->\n<title>M\u00fasica cl\u00e1sica, &quot; Musicales de hoy &quot; - Masia del Cadet<\/title>\n<meta name=\"robots\" content=\"index, follow, max-snippet:-1, max-image-preview:large, max-video-preview:-1\" \/>\n<link rel=\"canonical\" href=\"https:\/\/www.masiadelcadet.com\/es\/musica-clasica-musicales-de-hoy\" \/>\n<meta property=\"og:locale\" content=\"es_ES\" \/>\n<meta property=\"og:type\" content=\"article\" \/>\n<meta property=\"og:title\" content=\"M\u00fasica cl\u00e1sica, &quot; Musicales de hoy &quot; - Masia del Cadet\" \/>\n<meta property=\"og:description\" content=\"BUENOS D\u00cdAS !! Les comunicamos que el s\u00e1bado d\u00eda 8 de agosto tenemos el placer de presentarles en directo un concierto de m\u00fasica cl\u00e1sica, &quot; Musicales de hoy &quot; a cargo de PianoVeu . Realizaremos el concierto a nuestra terraza donde disfrutamos de una temperatura ideal en la falda del Paraje Natural de Pobblet .\" \/>\n<meta property=\"og:url\" content=\"https:\/\/www.masiadelcadet.com\/es\/musica-clasica-musicales-de-hoy\" \/>\n<meta property=\"og:site_name\" content=\"Masia del Cadet\" \/>\n<meta property=\"article:published_time\" content=\"2015-08-06T08:08:36+00:00\" \/>\n<meta property=\"article:modified_time\" content=\"2021-03-17T13:38:33+00:00\" \/>\n<meta name=\"author\" content=\"Masia del Cadet\" \/>\n<meta name=\"twitter:card\" content=\"summary_large_image\" \/>\n<meta name=\"twitter:creator\" content=\"@masiadelcadet\" \/>\n<meta name=\"twitter:site\" content=\"@masiadelcadet\" \/>\n<meta name=\"twitter:label1\" content=\"Escrito por\" \/>\n\t<meta name=\"twitter:data1\" content=\"Masia del Cadet\" \/>\n<script type=\"application\/ld+json\" class=\"yoast-schema-graph\">{\"@context\":\"https:\/\/schema.org\",\"@graph\":[{\"@type\":\"WebPage\",\"@id\":\"https:\/\/www.masiadelcadet.com\/es\/musica-clasica-musicales-de-hoy\",\"url\":\"https:\/\/www.masiadelcadet.com\/es\/musica-clasica-musicales-de-hoy\",\"name\":\"M\u00fasica cl\u00e1sica, \\\" Musicales de hoy \\\" - Masia del Cadet\",\"isPartOf\":{\"@id\":\"https:\/\/www.masiadelcadet.com\/#website\"},\"datePublished\":\"2015-08-06T08:08:36+00:00\",\"dateModified\":\"2021-03-17T13:38:33+00:00\",\"author\":{\"@id\":\"https:\/\/www.masiadelcadet.com\/#\/schema\/person\/a7cf805df18cf7d1a88b28b072b90ac8\"},\"breadcrumb\":{\"@id\":\"https:\/\/www.masiadelcadet.com\/es\/musica-clasica-musicales-de-hoy#breadcrumb\"},\"inLanguage\":\"es\",\"potentialAction\":[{\"@type\":\"ReadAction\",\"target\":[\"https:\/\/www.masiadelcadet.com\/es\/musica-clasica-musicales-de-hoy\"]}]},{\"@type\":\"BreadcrumbList\",\"@id\":\"https:\/\/www.masiadelcadet.com\/es\/musica-clasica-musicales-de-hoy#breadcrumb\",\"itemListElement\":[{\"@type\":\"ListItem\",\"position\":1,\"name\":\"Portada\",\"item\":\"https:\/\/www.masiadelcadet.com\/es\"},{\"@type\":\"ListItem\",\"position\":2,\"name\":\"M\u00fasica cl\u00e1sica, \u00bb Musicales de hoy \u00ab\"}]},{\"@type\":\"WebSite\",\"@id\":\"https:\/\/www.masiadelcadet.com\/#website\",\"url\":\"https:\/\/www.masiadelcadet.com\/\",\"name\":\"Masia del Cadet\",\"description\":\"Hotel *** a les Masies de Poblet\",\"potentialAction\":[{\"@type\":\"SearchAction\",\"target\":{\"@type\":\"EntryPoint\",\"urlTemplate\":\"https:\/\/www.masiadelcadet.com\/?s={search_term_string}\"},\"query-input\":{\"@type\":\"PropertyValueSpecification\",\"valueRequired\":true,\"valueName\":\"search_term_string\"}}],\"inLanguage\":\"es\"},{\"@type\":\"Person\",\"@id\":\"https:\/\/www.masiadelcadet.com\/#\/schema\/person\/a7cf805df18cf7d1a88b28b072b90ac8\",\"name\":\"Masia del Cadet\",\"image\":{\"@type\":\"ImageObject\",\"inLanguage\":\"es\",\"@id\":\"https:\/\/www.masiadelcadet.com\/#\/schema\/person\/image\/\",\"url\":\"https:\/\/secure.gravatar.com\/avatar\/eb8a75ac8bbd084c8b59a561e4ffa895?s=96&d=mm&r=g\",\"contentUrl\":\"https:\/\/secure.gravatar.com\/avatar\/eb8a75ac8bbd084c8b59a561e4ffa895?s=96&d=mm&r=g\",\"caption\":\"Masia del Cadet\"},\"sameAs\":[\"http:\/\/www.masiadelcadet.com\"]}]}<\/script>\n<!-- \/ Yoast SEO plugin. -->","yoast_head_json":{"title":"M\u00fasica cl\u00e1sica, \" Musicales de hoy \" - Masia del Cadet","robots":{"index":"index","follow":"follow","max-snippet":"max-snippet:-1","max-image-preview":"max-image-preview:large","max-video-preview":"max-video-preview:-1"},"canonical":"https:\/\/www.masiadelcadet.com\/es\/musica-clasica-musicales-de-hoy","og_locale":"es_ES","og_type":"article","og_title":"M\u00fasica cl\u00e1sica, \" Musicales de hoy \" - Masia del Cadet","og_description":"BUENOS D\u00cdAS !! Les comunicamos que el s\u00e1bado d\u00eda 8 de agosto tenemos el placer de presentarles en directo un concierto de m\u00fasica cl\u00e1sica, \" Musicales de hoy \" a cargo de PianoVeu . Realizaremos el concierto a nuestra terraza donde disfrutamos de una temperatura ideal en la falda del Paraje Natural de Pobblet .","og_url":"https:\/\/www.masiadelcadet.com\/es\/musica-clasica-musicales-de-hoy","og_site_name":"Masia del Cadet","article_published_time":"2015-08-06T08:08:36+00:00","article_modified_time":"2021-03-17T13:38:33+00:00","author":"Masia del Cadet","twitter_card":"summary_large_image","twitter_creator":"@masiadelcadet","twitter_site":"@masiadelcadet","twitter_misc":{"Escrito por":"Masia del Cadet"},"schema":{"@context":"https:\/\/schema.org","@graph":[{"@type":"WebPage","@id":"https:\/\/www.masiadelcadet.com\/es\/musica-clasica-musicales-de-hoy","url":"https:\/\/www.masiadelcadet.com\/es\/musica-clasica-musicales-de-hoy","name":"M\u00fasica cl\u00e1sica, \" Musicales de hoy \" - Masia del Cadet","isPartOf":{"@id":"https:\/\/www.masiadelcadet.com\/#website"},"datePublished":"2015-08-06T08:08:36+00:00","dateModified":"2021-03-17T13:38:33+00:00","author":{"@id":"https:\/\/www.masiadelcadet.com\/#\/schema\/person\/a7cf805df18cf7d1a88b28b072b90ac8"},"breadcrumb":{"@id":"https:\/\/www.masiadelcadet.com\/es\/musica-clasica-musicales-de-hoy#breadcrumb"},"inLanguage":"es","potentialAction":[{"@type":"ReadAction","target":["https:\/\/www.masiadelcadet.com\/es\/musica-clasica-musicales-de-hoy"]}]},{"@type":"BreadcrumbList","@id":"https:\/\/www.masiadelcadet.com\/es\/musica-clasica-musicales-de-hoy#breadcrumb","itemListElement":[{"@type":"ListItem","position":1,"name":"Portada","item":"https:\/\/www.masiadelcadet.com\/es"},{"@type":"ListItem","position":2,"name":"M\u00fasica cl\u00e1sica, \u00bb Musicales de hoy \u00ab"}]},{"@type":"WebSite","@id":"https:\/\/www.masiadelcadet.com\/#website","url":"https:\/\/www.masiadelcadet.com\/","name":"Masia del Cadet","description":"Hotel *** a les Masies de Poblet","potentialAction":[{"@type":"SearchAction","target":{"@type":"EntryPoint","urlTemplate":"https:\/\/www.masiadelcadet.com\/?s={search_term_string}"},"query-input":{"@type":"PropertyValueSpecification","valueRequired":true,"valueName":"search_term_string"}}],"inLanguage":"es"},{"@type":"Person","@id":"https:\/\/www.masiadelcadet.com\/#\/schema\/person\/a7cf805df18cf7d1a88b28b072b90ac8","name":"Masia del Cadet","image":{"@type":"ImageObject","inLanguage":"es","@id":"https:\/\/www.masiadelcadet.com\/#\/schema\/person\/image\/","url":"https:\/\/secure.gravatar.com\/avatar\/eb8a75ac8bbd084c8b59a561e4ffa895?s=96&d=mm&r=g","contentUrl":"https:\/\/secure.gravatar.com\/avatar\/eb8a75ac8bbd084c8b59a561e4ffa895?s=96&d=mm&r=g","caption":"Masia del Cadet"},"sameAs":["http:\/\/www.masiadelcadet.com"]}]}},"_links":{"self":[{"href":"https:\/\/www.masiadelcadet.com\/es\/wp-json\/wp\/v2\/posts\/68837","targetHints":{"allow":["GET"]}}],"collection":[{"href":"https:\/\/www.masiadelcadet.com\/es\/wp-json\/wp\/v2\/posts"}],"about":[{"href":"https:\/\/www.masiadelcadet.com\/es\/wp-json\/wp\/v2\/types\/post"}],"author":[{"embeddable":true,"href":"https:\/\/www.masiadelcadet.com\/es\/wp-json\/wp\/v2\/users\/2"}],"replies":[{"embeddable":true,"href":"https:\/\/www.masiadelcadet.com\/es\/wp-json\/wp\/v2\/comments?post=68837"}],"version-history":[{"count":2,"href":"https:\/\/www.masiadelcadet.com\/es\/wp-json\/wp\/v2\/posts\/68837\/revisions"}],"predecessor-version":[{"id":87398,"href":"https:\/\/www.masiadelcadet.com\/es\/wp-json\/wp\/v2\/posts\/68837\/revisions\/87398"}],"wp:attachment":[{"href":"https:\/\/www.masiadelcadet.com\/es\/wp-json\/wp\/v2\/media?parent=68837"}],"wp:term":[{"taxonomy":"category","embeddable":true,"href":"https:\/\/www.masiadelcadet.com\/es\/wp-json\/wp\/v2\/categories?post=68837"},{"taxonomy":"post_tag","embeddable":true,"href":"https:\/\/www.masiadelcadet.com\/es\/wp-json\/wp\/v2\/tags?post=68837"}],"curies":[{"name":"wp","href":"https:\/\/api.w.org\/{rel}","templated":true}]}}